{"id":1019,"date":"2020-03-29T14:45:19","date_gmt":"2020-03-29T13:45:19","guid":{"rendered":"https:\/\/laurbanahairsalon13.es\/?p=1019"},"modified":"2020-04-13T17:55:41","modified_gmt":"2020-04-13T16:55:41","slug":"introduccion","status":"publish","type":"post","link":"https:\/\/laurbanahairsalon13.es\/index.php\/2020\/03\/29\/introduccion\/","title":{"rendered":"INTRODUCCI\u00d3N"},"content":{"rendered":"<p><!--StartFragment--><\/p>\n<p><!--StartFragment--><\/p>\n\n\n<p><strong>\u00a1Hola!&nbsp;<\/strong><\/p>\n\n\n\n<p>Por fin podemos saludaros desde la web. Desde aqu\u00ed queremos acercaros a nuestra forma de trabajar y traeros toda la actualidad para que pod\u00e1is estar a la \u00faltima.&nbsp;<\/p>\n\n\n\n<p>Para los que ya nos conoc\u00e9is \u201cLa Urbana hair salon 13\u201d , es mucho m\u00e1s que un simple sal\u00f3n, o por lo menos es lo que intentamos cada miembro de este equipo. Por eso nos gustar\u00eda que esta nueva ventana al mundo sea un punto de informaci\u00f3n para nuestros clientes.&nbsp;<\/p>\n\n\n\n<p>\u00bfQue vais a encontrar en nuestro blog?<\/p>\n\n\n\n<p>&nbsp;En nuestro blog vais a encontrar todo lo relacionado en tendencias (cortes de pelo, tratamientos, color&#8230;.) y todo lo relacionado con el cabello que es nuestro y vuestro d\u00eda a d\u00eda.&nbsp;<\/p>\n\n\n\n<p>Por que al final lo que hacemos cada d\u00eda en nuestro sal\u00f3n es aplicar un poquito en el mundo de tendencias y de moda.&nbsp;<\/p>\n\n\n\n<figure class=\"wp-block-image size-large\"><img src=\"https:\/\/laurbanahairsalon13.es\/wp-content\/uploads\/2020\/03\/IMG_6490-1024x360.jpg\" alt=\"\" class=\"wp-image-654\"\/><\/figure>\n","protected":false},"excerpt":{"rendered":"<p>\u00a1Hola!&nbsp; Por fin podemos saludaros desde la web. Desde aqu\u00ed queremos acercaros a nuestra forma de trabajar y traeros toda la actualidad para que pod\u00e1is estar a la \u00faltima.&nbsp; Para<\/p>\n<p class=\"more-link\"><a href=\"https:\/\/laurbanahairsalon13.es\/index.php\/2020\/03\/29\/introduccion\/\" class=\"readmore\">Seguir leyendo<svg class=\"icon icon-arrow-right\" aria-hidden=\"true\" role=\"img\"> <use href=\"#icon-arrow-right\" xlink:href=\"#icon-arrow-right\"><\/use> <\/svg><span class=\"screen-reader-text\">INTRODUCCI\u00d3N<\/span><\/a><\/p>\n","protected":false},"author":1,"featured_media":826,"comment_status":"closed","ping_status":"closed","sticky":false,"template":"","format":"standard","meta":{"_mi_skip_tracking":false},"categories":[6],"tags":[],"yoast_head":"<!-- This site is optimized with the Yoast SEO plugin v18.0 - https:\/\/yoast.com\/wordpress\/plugins\/seo\/ -->\n<title>INTRODUCCI\u00d3N &#8902; La Urbana Hair Salon 13 Peluqueria Unisex Vigo<\/title>\n<meta name=\"description\" content=\"Un Sal\u00f3n de peluquer\u00eda Unisex en Vigo con un espacio innovador, dedicado a la belleza y cuidado del cabello, donde lo m\u00e1s importante es tu imagen. La Urbana Hair Salon 13 para cortes y peinados, color, alisados, mechas y reflejos a tu cabello. BLOG\" \/>\n<meta name=\"robots\" content=\"index, follow, max-snippet:-1, max-image-preview:large, max-video-preview:-1\" \/>\n<link rel=\"canonical\" href=\"https:\/\/laurbanahairsalon13.es\/index.php\/2020\/03\/29\/introduccion\/\" \/>\n<meta property=\"og:locale\" content=\"es_ES\" \/>\n<meta property=\"og:type\" content=\"article\" \/>\n<meta property=\"og:title\" content=\"INTRODUCCI\u00d3N &#8902; La Urbana Hair Salon 13 Peluqueria Unisex Vigo\" \/>\n<meta property=\"og:description\" content=\"Un Sal\u00f3n de peluquer\u00eda Unisex en Vigo con un espacio innovador, dedicado a la belleza y cuidado del cabello, donde lo m\u00e1s importante es tu imagen. La Urbana Hair Salon 13 para cortes y peinados, color, alisados, mechas y reflejos a tu cabello. BLOG\" \/>\n<meta property=\"og:url\" content=\"https:\/\/laurbanahairsalon13.es\/index.php\/2020\/03\/29\/introduccion\/\" \/>\n<meta property=\"article:publisher\" content=\"https:\/\/www.facebook.com\/LaUrbana.hairsalon13\/\" \/>\n<meta property=\"article:published_time\" content=\"2020-03-29T13:45:19+00:00\" \/>\n<meta property=\"article:modified_time\" content=\"2020-04-13T16:55:41+00:00\" \/>\n<meta property=\"og:image\" content=\"https:\/\/laurbanahairsalon13.es\/wp-content\/uploads\/2020\/03\/portada-blog-e1585490603623.jpg\" \/>\n\t<meta property=\"og:image:width\" content=\"300\" \/>\n\t<meta property=\"og:image:height\" content=\"471\" \/>\n\t<meta property=\"og:image:type\" content=\"image\/jpeg\" \/>\n<meta name=\"twitter:card\" content=\"summary_large_image\" \/>\n<meta name=\"twitter:creator\" content=\"@Laurbanahair\" \/>\n<meta name=\"twitter:site\" content=\"@Laurbanahair\" \/>\n<meta name=\"twitter:label1\" content=\"Escrito por\" \/>\n\t<meta name=\"twitter:data1\" content=\"admin\" \/>\n\t<meta name=\"twitter:label2\" content=\"Tiempo de lectura\" \/>\n\t<meta name=\"twitter:data2\" content=\"1 minuto\" \/>\n<script type=\"application\/ld+json\" class=\"yoast-schema-graph\">{\"@context\":\"https:\/\/schema.org\",\"@graph\":[{\"@type\":\"Organization\",\"@id\":\"https:\/\/laurbanahairsalon13.es\/#organization\",\"name\":\"La Urbana Hair Salon 13\",\"url\":\"https:\/\/laurbanahairsalon13.es\/\",\"sameAs\":[\"https:\/\/www.facebook.com\/LaUrbana.hairsalon13\/\",\"https:\/\/www.instagram.com\/laurbana.hairsalon13\/?hl=es\",\"https:\/\/twitter.com\/Laurbanahair\"],\"logo\":{\"@type\":\"ImageObject\",\"@id\":\"https:\/\/laurbanahairsalon13.es\/#logo\",\"inLanguage\":\"es\",\"url\":\"https:\/\/laurbanahairsalon13.es\/wp-content\/uploads\/2020\/03\/logo-1.jpg\",\"contentUrl\":\"https:\/\/laurbanahairsalon13.es\/wp-content\/uploads\/2020\/03\/logo-1.jpg\",\"width\":446,\"height\":196,\"caption\":\"La Urbana Hair Salon 13\"},\"image\":{\"@id\":\"https:\/\/laurbanahairsalon13.es\/#logo\"}},{\"@type\":\"WebSite\",\"@id\":\"https:\/\/laurbanahairsalon13.es\/#website\",\"url\":\"https:\/\/laurbanahairsalon13.es\/\",\"name\":\"La Urbana Hair Salon 13 - Salon de Peluquer\u00eda Unisex Vigo\",\"description\":\"CITA PREVIA\",\"publisher\":{\"@id\":\"https:\/\/laurbanahairsalon13.es\/#organization\"},\"potentialAction\":[{\"@type\":\"SearchAction\",\"target\":{\"@type\":\"EntryPoint\",\"urlTemplate\":\"https:\/\/laurbanahairsalon13.es\/?s={search_term_string}\"},\"query-input\":\"required name=search_term_string\"}],\"inLanguage\":\"es\"},{\"@type\":\"ImageObject\",\"@id\":\"https:\/\/laurbanahairsalon13.es\/index.php\/2020\/03\/29\/introduccion\/#primaryimage\",\"inLanguage\":\"es\",\"url\":\"https:\/\/laurbanahairsalon13.es\/wp-content\/uploads\/2020\/03\/portada-blog-e1585490603623.jpg\",\"contentUrl\":\"https:\/\/laurbanahairsalon13.es\/wp-content\/uploads\/2020\/03\/portada-blog-e1585490603623.jpg\",\"width\":300,\"height\":471},{\"@type\":\"WebPage\",\"@id\":\"https:\/\/laurbanahairsalon13.es\/index.php\/2020\/03\/29\/introduccion\/#webpage\",\"url\":\"https:\/\/laurbanahairsalon13.es\/index.php\/2020\/03\/29\/introduccion\/\",\"name\":\"INTRODUCCI\u00d3N &#8902; La Urbana Hair Salon 13 Peluqueria Unisex Vigo\",\"isPartOf\":{\"@id\":\"https:\/\/laurbanahairsalon13.es\/#website\"},\"primaryImageOfPage\":{\"@id\":\"https:\/\/laurbanahairsalon13.es\/index.php\/2020\/03\/29\/introduccion\/#primaryimage\"},\"datePublished\":\"2020-03-29T13:45:19+00:00\",\"dateModified\":\"2020-04-13T16:55:41+00:00\",\"description\":\"Un Sal\u00f3n de peluquer\u00eda Unisex en Vigo con un espacio innovador, dedicado a la belleza y cuidado del cabello, donde lo m\u00e1s importante es tu imagen. La Urbana Hair Salon 13 para cortes y peinados, color, alisados, mechas y reflejos a tu cabello. BLOG\",\"breadcrumb\":{\"@id\":\"https:\/\/laurbanahairsalon13.es\/index.php\/2020\/03\/29\/introduccion\/#breadcrumb\"},\"inLanguage\":\"es\",\"potentialAction\":[{\"@type\":\"ReadAction\",\"target\":[\"https:\/\/laurbanahairsalon13.es\/index.php\/2020\/03\/29\/introduccion\/\"]}]},{\"@type\":\"BreadcrumbList\",\"@id\":\"https:\/\/laurbanahairsalon13.es\/index.php\/2020\/03\/29\/introduccion\/#breadcrumb\",\"itemListElement\":[{\"@type\":\"ListItem\",\"position\":1,\"name\":\"Portada\",\"item\":\"https:\/\/laurbanahairsalon13.es\/\"},{\"@type\":\"ListItem\",\"position\":2,\"name\":\"INTRODUCCI\u00d3N\"}]},{\"@type\":\"Article\",\"@id\":\"https:\/\/laurbanahairsalon13.es\/index.php\/2020\/03\/29\/introduccion\/#article\",\"isPartOf\":{\"@id\":\"https:\/\/laurbanahairsalon13.es\/index.php\/2020\/03\/29\/introduccion\/#webpage\"},\"author\":{\"@id\":\"https:\/\/laurbanahairsalon13.es\/#\/schema\/person\/49d09722fdd0e3f1df04d4fc637b4e56\"},\"headline\":\"INTRODUCCI\u00d3N\",\"datePublished\":\"2020-03-29T13:45:19+00:00\",\"dateModified\":\"2020-04-13T16:55:41+00:00\",\"mainEntityOfPage\":{\"@id\":\"https:\/\/laurbanahairsalon13.es\/index.php\/2020\/03\/29\/introduccion\/#webpage\"},\"wordCount\":157,\"publisher\":{\"@id\":\"https:\/\/laurbanahairsalon13.es\/#organization\"},\"image\":{\"@id\":\"https:\/\/laurbanahairsalon13.es\/index.php\/2020\/03\/29\/introduccion\/#primaryimage\"},\"thumbnailUrl\":\"https:\/\/laurbanahairsalon13.es\/wp-content\/uploads\/2020\/03\/portada-blog-e1585490603623.jpg\",\"articleSection\":[\"BLOG\"],\"inLanguage\":\"es\"},{\"@type\":\"Person\",\"@id\":\"https:\/\/laurbanahairsalon13.es\/#\/schema\/person\/49d09722fdd0e3f1df04d4fc637b4e56\",\"name\":\"admin\",\"image\":{\"@type\":\"ImageObject\",\"@id\":\"https:\/\/laurbanahairsalon13.es\/#personlogo\",\"inLanguage\":\"es\",\"url\":\"https:\/\/secure.gravatar.com\/avatar\/60d54173a1fbd7ded74e1791546b8593?s=96&d=mm&r=g\",\"contentUrl\":\"https:\/\/secure.gravatar.com\/avatar\/60d54173a1fbd7ded74e1791546b8593?s=96&d=mm&r=g\",\"caption\":\"admin\"}}]}<\/script>\n<!-- \/ Yoast SEO plugin. -->","yoast_head_json":{"title":"INTRODUCCI\u00d3N &#8902; La Urbana Hair Salon 13 Peluqueria Unisex Vigo","description":"Un Sal\u00f3n de peluquer\u00eda Unisex en Vigo con un espacio innovador, dedicado a la belleza y cuidado del cabello, donde lo m\u00e1s importante es tu imagen. La Urbana Hair Salon 13 para cortes y peinados, color, alisados, mechas y reflejos a tu cabello. BLOG","robots":{"index":"index","follow":"follow","max-snippet":"max-snippet:-1","max-image-preview":"max-image-preview:large","max-video-preview":"max-video-preview:-1"},"canonical":"https:\/\/laurbanahairsalon13.es\/index.php\/2020\/03\/29\/introduccion\/","og_locale":"es_ES","og_type":"article","og_title":"INTRODUCCI\u00d3N &#8902; La Urbana Hair Salon 13 Peluqueria Unisex Vigo","og_description":"Un Sal\u00f3n de peluquer\u00eda Unisex en Vigo con un espacio innovador, dedicado a la belleza y cuidado del cabello, donde lo m\u00e1s importante es tu imagen. La Urbana Hair Salon 13 para cortes y peinados, color, alisados, mechas y reflejos a tu cabello. BLOG","og_url":"https:\/\/laurbanahairsalon13.es\/index.php\/2020\/03\/29\/introduccion\/","article_publisher":"https:\/\/www.facebook.com\/LaUrbana.hairsalon13\/","article_published_time":"2020-03-29T13:45:19+00:00","article_modified_time":"2020-04-13T16:55:41+00:00","og_image":[{"width":300,"height":471,"url":"https:\/\/laurbanahairsalon13.es\/wp-content\/uploads\/2020\/03\/portada-blog-e1585490603623.jpg","type":"image\/jpeg"}],"twitter_card":"summary_large_image","twitter_creator":"@Laurbanahair","twitter_site":"@Laurbanahair","twitter_misc":{"Escrito por":"admin","Tiempo de lectura":"1 minuto"},"schema":{"@context":"https:\/\/schema.org","@graph":[{"@type":"Organization","@id":"https:\/\/laurbanahairsalon13.es\/#organization","name":"La Urbana Hair Salon 13","url":"https:\/\/laurbanahairsalon13.es\/","sameAs":["https:\/\/www.facebook.com\/LaUrbana.hairsalon13\/","https:\/\/www.instagram.com\/laurbana.hairsalon13\/?hl=es","https:\/\/twitter.com\/Laurbanahair"],"logo":{"@type":"ImageObject","@id":"https:\/\/laurbanahairsalon13.es\/#logo","inLanguage":"es","url":"https:\/\/laurbanahairsalon13.es\/wp-content\/uploads\/2020\/03\/logo-1.jpg","contentUrl":"https:\/\/laurbanahairsalon13.es\/wp-content\/uploads\/2020\/03\/logo-1.jpg","width":446,"height":196,"caption":"La Urbana Hair Salon 13"},"image":{"@id":"https:\/\/laurbanahairsalon13.es\/#logo"}},{"@type":"WebSite","@id":"https:\/\/laurbanahairsalon13.es\/#website","url":"https:\/\/laurbanahairsalon13.es\/","name":"La Urbana Hair Salon 13 - Salon de Peluquer\u00eda Unisex Vigo","description":"CITA PREVIA","publisher":{"@id":"https:\/\/laurbanahairsalon13.es\/#organization"},"potentialAction":[{"@type":"SearchAction","target":{"@type":"EntryPoint","urlTemplate":"https:\/\/laurbanahairsalon13.es\/?s={search_term_string}"},"query-input":"required name=search_term_string"}],"inLanguage":"es"},{"@type":"ImageObject","@id":"https:\/\/laurbanahairsalon13.es\/index.php\/2020\/03\/29\/introduccion\/#primaryimage","inLanguage":"es","url":"https:\/\/laurbanahairsalon13.es\/wp-content\/uploads\/2020\/03\/portada-blog-e1585490603623.jpg","contentUrl":"https:\/\/laurbanahairsalon13.es\/wp-content\/uploads\/2020\/03\/portada-blog-e1585490603623.jpg","width":300,"height":471},{"@type":"WebPage","@id":"https:\/\/laurbanahairsalon13.es\/index.php\/2020\/03\/29\/introduccion\/#webpage","url":"https:\/\/laurbanahairsalon13.es\/index.php\/2020\/03\/29\/introduccion\/","name":"INTRODUCCI\u00d3N &#8902; La Urbana Hair Salon 13 Peluqueria Unisex Vigo","isPartOf":{"@id":"https:\/\/laurbanahairsalon13.es\/#website"},"primaryImageOfPage":{"@id":"https:\/\/laurbanahairsalon13.es\/index.php\/2020\/03\/29\/introduccion\/#primaryimage"},"datePublished":"2020-03-29T13:45:19+00:00","dateModified":"2020-04-13T16:55:41+00:00","description":"Un Sal\u00f3n de peluquer\u00eda Unisex en Vigo con un espacio innovador, dedicado a la belleza y cuidado del cabello, donde lo m\u00e1s importante es tu imagen. La Urbana Hair Salon 13 para cortes y peinados, color, alisados, mechas y reflejos a tu cabello. BLOG","breadcrumb":{"@id":"https:\/\/laurbanahairsalon13.es\/index.php\/2020\/03\/29\/introduccion\/#breadcrumb"},"inLanguage":"es","potentialAction":[{"@type":"ReadAction","target":["https:\/\/laurbanahairsalon13.es\/index.php\/2020\/03\/29\/introduccion\/"]}]},{"@type":"BreadcrumbList","@id":"https:\/\/laurbanahairsalon13.es\/index.php\/2020\/03\/29\/introduccion\/#breadcrumb","itemListElement":[{"@type":"ListItem","position":1,"name":"Portada","item":"https:\/\/laurbanahairsalon13.es\/"},{"@type":"ListItem","position":2,"name":"INTRODUCCI\u00d3N"}]},{"@type":"Article","@id":"https:\/\/laurbanahairsalon13.es\/index.php\/2020\/03\/29\/introduccion\/#article","isPartOf":{"@id":"https:\/\/laurbanahairsalon13.es\/index.php\/2020\/03\/29\/introduccion\/#webpage"},"author":{"@id":"https:\/\/laurbanahairsalon13.es\/#\/schema\/person\/49d09722fdd0e3f1df04d4fc637b4e56"},"headline":"INTRODUCCI\u00d3N","datePublished":"2020-03-29T13:45:19+00:00","dateModified":"2020-04-13T16:55:41+00:00","mainEntityOfPage":{"@id":"https:\/\/laurbanahairsalon13.es\/index.php\/2020\/03\/29\/introduccion\/#webpage"},"wordCount":157,"publisher":{"@id":"https:\/\/laurbanahairsalon13.es\/#organization"},"image":{"@id":"https:\/\/laurbanahairsalon13.es\/index.php\/2020\/03\/29\/introduccion\/#primaryimage"},"thumbnailUrl":"https:\/\/laurbanahairsalon13.es\/wp-content\/uploads\/2020\/03\/portada-blog-e1585490603623.jpg","articleSection":["BLOG"],"inLanguage":"es"},{"@type":"Person","@id":"https:\/\/laurbanahairsalon13.es\/#\/schema\/person\/49d09722fdd0e3f1df04d4fc637b4e56","name":"admin","image":{"@type":"ImageObject","@id":"https:\/\/laurbanahairsalon13.es\/#personlogo","inLanguage":"es","url":"https:\/\/secure.gravatar.com\/avatar\/60d54173a1fbd7ded74e1791546b8593?s=96&d=mm&r=g","contentUrl":"https:\/\/secure.gravatar.com\/avatar\/60d54173a1fbd7ded74e1791546b8593?s=96&d=mm&r=g","caption":"admin"}}]}},"_links":{"self":[{"href":"https:\/\/laurbanahairsalon13.es\/index.php\/wp-json\/wp\/v2\/posts\/1019"}],"collection":[{"href":"https:\/\/laurbanahairsalon13.es\/index.php\/wp-json\/wp\/v2\/posts"}],"about":[{"href":"https:\/\/laurbanahairsalon13.es\/index.php\/wp-json\/wp\/v2\/types\/post"}],"author":[{"embeddable":true,"href":"https:\/\/laurbanahairsalon13.es\/index.php\/wp-json\/wp\/v2\/users\/1"}],"replies":[{"embeddable":true,"href":"https:\/\/laurbanahairsalon13.es\/index.php\/wp-json\/wp\/v2\/comments?post=1019"}],"version-history":[{"count":1,"href":"https:\/\/laurbanahairsalon13.es\/index.php\/wp-json\/wp\/v2\/posts\/1019\/revisions"}],"predecessor-version":[{"id":1245,"href":"https:\/\/laurbanahairsalon13.es\/index.php\/wp-json\/wp\/v2\/posts\/1019\/revisions\/1245"}],"wp:featuredmedia":[{"embeddable":true,"href":"https:\/\/laurbanahairsalon13.es\/index.php\/wp-json\/wp\/v2\/media\/826"}],"wp:attachment":[{"href":"https:\/\/laurbanahairsalon13.es\/index.php\/wp-json\/wp\/v2\/media?parent=1019"}],"wp:term":[{"taxonomy":"category","embeddable":true,"href":"https:\/\/laurbanahairsalon13.es\/index.php\/wp-json\/wp\/v2\/categories?post=1019"},{"taxonomy":"post_tag","embeddable":true,"href":"https:\/\/laurbanahairsalon13.es\/index.php\/wp-json\/wp\/v2\/tags?post=1019"}],"curies":[{"name":"wp","href":"https:\/\/api.w.org\/{rel}","templated":true}]}}