{"id":1515,"date":"2020-05-25T20:21:55","date_gmt":"2020-05-25T19:21:55","guid":{"rendered":"https:\/\/laurbanahairsalon13.es\/?p=1515"},"modified":"2020-05-25T20:25:28","modified_gmt":"2020-05-25T19:25:28","slug":"juntos-podemos-lograrlo","status":"publish","type":"post","link":"https:\/\/laurbanahairsalon13.es\/index.php\/2020\/05\/25\/juntos-podemos-lograrlo\/","title":{"rendered":"JUNTOS PODEMOS LOGRARLO"},"content":{"rendered":"\n<p>Hoy os traemos un post muy especial.&nbsp;<\/p>\n\n\n\n<p>Despu\u00e9s de dos semanas, en las cuales hemos vuelto a abrir nuestras puertas, para todos vosotros.<\/p>\n\n\n\n<p>Queremos recordaros de la importancia de seguir luchando juntos contra esta pandemia.<\/p>\n\n\n\n<p>Desde el 4 de mayo, llevamos a cabo un protocolo de actuaci\u00f3n con el que seguiremos hasta finalizar el estado de alarma.&nbsp;<\/p>\n\n\n\n<p>A\u00fan permitiendo cada fase ir evolucionando ,&nbsp;&nbsp;nosotros creemos que por vuestra seguridad y por no poder mantener los dos metros de distancia continuar con nuestro protocolo de fase 0.&nbsp;&nbsp;<\/p>\n\n\n\n<p>Por que lo m\u00e1s importante es vuestra y nuestra seguridad.&nbsp;<\/p>\n\n\n\n<p>Para ello, queremos recordaros nuestro protocolo :<\/p>\n\n\n\n<p><strong>Seguiremos Limitando el aforo de clientes.&nbsp;<\/strong><\/p>\n\n\n\n<p>Para poder mantener la distancia de seguridad entre clientes y trabajadores deberemos limitar la cantidad de clientes que se encuentren recibiendo servicio. Para ello es indispensable la gesti\u00f3n de un sistema de citas para pedir servicio de forma telem\u00e1tica (tel\u00e9fono o internet) y poder gestionar la afluencia de clientes al sal\u00f3n.&nbsp;<\/p>\n\n\n\n<p><strong>Limpieza e higiene diaria y exhaustiva<\/strong><\/p>\n\n\n\n<p>Extremaremos la higiene y la limpieza de nuestro sal\u00f3n. Limpiaremos exhaustivamente el suelo de el sal\u00f3n&nbsp;&nbsp;y todas las superficies con lej\u00eda al 2% (empapando bien el suelo y las superficies y dejando actuar la lej\u00eda durante al menos dos minutos antes de secar).&nbsp;<\/p>\n\n\n\n<ul><li>Rogamos seriedad y puntualidad ya que debemos atender a todos y todas vuestras necesidades.&nbsp;<\/li><li>&nbsp;Todo cliente, debe acceder a las instalaciones con guantes y mascarilla, si este no tiene, se le administrar\u00e1n a la entrada. Una vez dentro ser\u00e1&nbsp;<strong>OBLIGATORIO<\/strong>&nbsp;la desinfecci\u00f3n de las manos.<\/li><li>El uso de estes ser\u00e1&nbsp;<strong>OBLIGATORIO<\/strong>&nbsp;durante todo el servicio.&nbsp;<\/li><li>No se podr\u00e1 acceder a las instalaciones acompa\u00f1ados, una persona por servicio.&nbsp;<\/li><li>Se respetar\u00e1n los turnos.&nbsp;<\/li><li>Por seguridad de todos ser\u00e1&nbsp;<strong>OBLIGATORIO<\/strong>&nbsp;seguir las pautas que los trabajadores indiquen.&nbsp;<\/li><li>Recomendamos que veng\u00e1is ligeros y ligeras de ropa y objetos ya que todo ser\u00e1 introducido en una bolsa cerrada.&nbsp;<\/li><li>Todo el material ser\u00e1 desinfectado y los instrumentos de peluquer\u00eda ser\u00e1n esterilizados en cada servicio. El sill\u00f3n, el lavacabezas , el datafono y el pomo ser\u00e1 desinfectado tambi\u00e9n en cada servicio.&nbsp;<\/li><li>Solo atenderemos a un cliente por trabajador.&nbsp;<\/li><li>Eliminaremos el servicio de revistas y no ofreceremos bebidas.&nbsp;<\/li><li>Recomendamos que el pago sea en tarjeta.&nbsp;<\/li><\/ul>\n\n\n\n<p>Despu\u00e9s de recordaros nuestro protocolo, queremos traeros las experiencias de nuestros clientes que durante estas dos semanas han realizado alg\u00fan servicio dentro de nuestras instalaciones.&nbsp;<\/p>\n\n\n\n<div class=\"wp-block-image\"><figure class=\"aligncenter size-medium\"><a href=\"https:\/\/laurbanahairsalon13.es\/index.php\/nuestros-trabajos\/\"><img loading=\"lazy\" width=\"243\" height=\"300\" src=\"https:\/\/laurbanahairsalon13.es\/wp-content\/uploads\/2020\/05\/IMG_0595-243x300.jpeg\" alt=\"IMG_0131.jpeg\" class=\"wp-image-1517\" srcset=\"https:\/\/laurbanahairsalon13.es\/wp-content\/uploads\/2020\/05\/IMG_0595-243x300.jpeg 243w, https:\/\/laurbanahairsalon13.es\/wp-content\/uploads\/2020\/05\/IMG_0595-829x1024.jpeg 829w, https:\/\/laurbanahairsalon13.es\/wp-content\/uploads\/2020\/05\/IMG_0595-768x949.jpeg 768w, https:\/\/laurbanahairsalon13.es\/wp-content\/uploads\/2020\/05\/IMG_0595-49x60.jpeg 49w, https:\/\/laurbanahairsalon13.es\/wp-content\/uploads\/2020\/05\/IMG_0595.jpeg 1125w\" sizes=\"(max-width: 243px) 100vw, 243px\" \/><\/a><\/figure><\/div>\n\n\n\n<p><strong>Tamara.<\/strong><\/p>\n\n\n\n<p><em>\u201cDurante mi reciente visita a La Urbana Hair Salon pude comprobar que los protocolos de prevenci\u00f3n del coronavirus que se aplican son muy estrictos y gracias a los cuales el servicio se realiza con total seguridad, incluyendo toma de temperatura, facilitando guantes, mascarilla y gel desinfectante, utilizando batas y toallas reci\u00e9n lavadas en una tintorer\u00eda , entre otros.&nbsp;<\/em><\/p>\n\n\n\n<p><em>Gracias por vuestra profesionalidad y gran trabajo\u201d<\/em><\/p>\n\n\n\n<div class=\"wp-block-image\"><figure class=\"aligncenter size-medium\"><a href=\"https:\/\/laurbanahairsalon13.es\/index.php\/nuestros-trabajos\/\"><img loading=\"lazy\" width=\"300\" height=\"287\" src=\"https:\/\/laurbanahairsalon13.es\/wp-content\/uploads\/2020\/05\/IMG_0596-300x287.jpeg\" alt=\"AA55E7EF-86E4-428F-B2A1-3F1FD44B2EB9.jpeg\" class=\"wp-image-1518\" srcset=\"https:\/\/laurbanahairsalon13.es\/wp-content\/uploads\/2020\/05\/IMG_0596-300x287.jpeg 300w, https:\/\/laurbanahairsalon13.es\/wp-content\/uploads\/2020\/05\/IMG_0596-1024x981.jpeg 1024w, https:\/\/laurbanahairsalon13.es\/wp-content\/uploads\/2020\/05\/IMG_0596-768x736.jpeg 768w, https:\/\/laurbanahairsalon13.es\/wp-content\/uploads\/2020\/05\/IMG_0596-63x60.jpeg 63w, https:\/\/laurbanahairsalon13.es\/wp-content\/uploads\/2020\/05\/IMG_0596.jpeg 1125w\" sizes=\"(max-width: 300px) 100vw, 300px\" \/><\/a><\/figure><\/div>\n\n\n\n<p><strong>\u00c1ngeles&nbsp;<\/strong><\/p>\n\n\n\n<p><em>\u201cHe sido una de las primeras clientas en acudir al sal\u00f3n tras el confinamiento y he de felicitaros por las medidas de seguridad que hab\u00e9is tomado. En todo momento me he sentido c\u00f3moda , muy a gusto y lo m\u00e1s importante&#8230;.segura!!! Una vez m\u00e1s Jorge ha demostrado lo que ama su profesi\u00f3n y eso se nota tanto en el trato personal con nosotros los&nbsp;&nbsp;clientes ,como en el profesional. Y esto os lo dice una persona que ha recorrido todas o casi todas las \u201cpelus\u201d de Vigo. Por fin he encontrado la m\u00eda!!!!! Una vez mas, enhorabuena\u201d<\/em><\/p>\n\n\n\n<div class=\"wp-block-image\"><figure class=\"aligncenter size-medium\"><a href=\"https:\/\/laurbanahairsalon13.es\/index.php\/nuestros-trabajos\/\"><img loading=\"lazy\" width=\"300\" height=\"279\" src=\"https:\/\/laurbanahairsalon13.es\/wp-content\/uploads\/2020\/05\/IMG_0594-1-300x279.jpg\" alt=\"895D5BBA-D45D-4CB8-A35D-B42A11ABE29F.jpeg\" class=\"wp-image-1520\" srcset=\"https:\/\/laurbanahairsalon13.es\/wp-content\/uploads\/2020\/05\/IMG_0594-1-300x279.jpg 300w, https:\/\/laurbanahairsalon13.es\/wp-content\/uploads\/2020\/05\/IMG_0594-1-1024x953.jpg 1024w, https:\/\/laurbanahairsalon13.es\/wp-content\/uploads\/2020\/05\/IMG_0594-1-768x715.jpg 768w, https:\/\/laurbanahairsalon13.es\/wp-content\/uploads\/2020\/05\/IMG_0594-1-64x60.jpg 64w, https:\/\/laurbanahairsalon13.es\/wp-content\/uploads\/2020\/05\/IMG_0594-1.jpg 1125w\" sizes=\"(max-width: 300px) 100vw, 300px\" \/><\/a><\/figure><\/div>\n\n\n\n<p><strong>Marta<\/strong><\/p>\n\n\n\n<p><em>\u201cLa experiencia en el sal\u00f3n fue inmejorable&#8230;tuve la sensaci\u00f3n de seguridad total desde que llegu\u00e9 a la puerta, antes de entrar me tomaron la fiebre, me puse guantes (mascarilla ya ten\u00eda) y me desinfecte las manos, me dirig\u00ed a mi butaca por la zona marcada con mi bata reci\u00e9n llegada de la tintorer\u00eda &#8230; estaba todo muy bien se\u00f1alizado y equipado para evitar el contacto con otras personas&#8230;un 10 a todo!!! Volver\u00e9 en nada\u201d<\/em><\/p>\n\n\n\n<p>Desde La Urbana y gracias a nuestra marca Philip Martin\u2019s os traemos&nbsp;<\/p>\n\n\n\n<p>Hygien it spray:&nbsp;<\/p>\n\n\n\n<p>Spray desinfectante<\/p>\n\n\n\n<p>Cada aplicaci\u00f3n desinfecta las manos dejando un aroma agradable. \u00daselo incluso en ausencia de jab\u00f3n, en cualquier momento y lugar.<\/p>\n\n\n\n<div class=\"wp-block-image\"><figure class=\"aligncenter size-medium\"><a href=\"https:\/\/www.philipmartins.es\/\"><img loading=\"lazy\" width=\"264\" height=\"300\" src=\"https:\/\/laurbanahairsalon13.es\/wp-content\/uploads\/2020\/05\/IMG_0590-264x300.jpeg\" alt=\"\" class=\"wp-image-1521\" srcset=\"https:\/\/laurbanahairsalon13.es\/wp-content\/uploads\/2020\/05\/IMG_0590-264x300.jpeg 264w, https:\/\/laurbanahairsalon13.es\/wp-content\/uploads\/2020\/05\/IMG_0590-902x1024.jpeg 902w, https:\/\/laurbanahairsalon13.es\/wp-content\/uploads\/2020\/05\/IMG_0590-768x872.jpeg 768w, https:\/\/laurbanahairsalon13.es\/wp-content\/uploads\/2020\/05\/IMG_0590-53x60.jpeg 53w, https:\/\/laurbanahairsalon13.es\/wp-content\/uploads\/2020\/05\/IMG_0590.jpeg 1125w\" sizes=\"(max-width: 264px) 100vw, 264px\" \/><\/a><\/figure><\/div>\n\n\n\n<p>Desde el equipo de La Urbana queremos daros las gracias a todes por la implicaci\u00f3n, el respeto y el cari\u00f1o de todes durante estas semanas.&nbsp;<\/p>\n\n\n\n<p>Con ello nos lo hab\u00e9is puesto f\u00e1cil.<\/p>\n\n\n\n<div class=\"wp-block-image\"><figure class=\"aligncenter size-large\"><a href=\"https:\/\/laurbanahairsalon13.es\/\"><img loading=\"lazy\" width=\"1080\" height=\"714\" src=\"https:\/\/i0.wp.com\/laurbanahairsalon13.es\/wp-content\/uploads\/2020\/05\/IMG_0591.jpeg?fit=790%2C522&amp;ssl=1\" alt=\"\" class=\"wp-image-1522\" srcset=\"https:\/\/laurbanahairsalon13.es\/wp-content\/uploads\/2020\/05\/IMG_0591.jpeg 1080w, https:\/\/laurbanahairsalon13.es\/wp-content\/uploads\/2020\/05\/IMG_0591-300x198.jpeg 300w, https:\/\/laurbanahairsalon13.es\/wp-content\/uploads\/2020\/05\/IMG_0591-1024x677.jpeg 1024w, https:\/\/laurbanahairsalon13.es\/wp-content\/uploads\/2020\/05\/IMG_0591-768x508.jpeg 768w, https:\/\/laurbanahairsalon13.es\/wp-content\/uploads\/2020\/05\/IMG_0591-91x60.jpeg 91w\" sizes=\"(max-width: 1080px) 100vw, 1080px\" \/><\/a><\/figure><\/div>\n","protected":false},"excerpt":{"rendered":"<p>Hoy os traemos un post muy especial.&nbsp; Despu\u00e9s de dos semanas, en las cuales hemos vuelto a abrir nuestras puertas, para todos vosotros. Queremos recordaros de la importancia de seguir<\/p>\n<p class=\"more-link\"><a href=\"https:\/\/laurbanahairsalon13.es\/index.php\/2020\/05\/25\/juntos-podemos-lograrlo\/\" class=\"readmore\">Seguir leyendo<svg class=\"icon icon-arrow-right\" aria-hidden=\"true\" role=\"img\"> <use href=\"#icon-arrow-right\" xlink:href=\"#icon-arrow-right\"><\/use> <\/svg><span class=\"screen-reader-text\">JUNTOS PODEMOS LOGRARLO<\/span><\/a><\/p>\n","protected":false},"author":1,"featured_media":1516,"comment_status":"closed","ping_status":"closed","sticky":false,"template":"","format":"standard","meta":{"_mi_skip_tracking":false},"categories":[6],"tags":[],"yoast_head":"<!-- This site is optimized with the Yoast SEO plugin v18.0 - https:\/\/yoast.com\/wordpress\/plugins\/seo\/ -->\n<title>JUNTOS PODEMOS LOGRARLO &#8902; La Urbana Hair Salon 13 Peluqueria Unisex Vigo<\/title>\n<meta name=\"description\" content=\"Un Sal\u00f3n de peluquer\u00eda Unisex en Vigo con un espacio innovador, dedicado a la belleza y cuidado del cabello, donde lo m\u00e1s importante es tu imagen. La Urbana Hair Salon 13 para cortes y peinados, color, alisados, mechas y reflejos a tu cabello. BLOG\" \/>\n<meta name=\"robots\" content=\"index, follow, max-snippet:-1, max-image-preview:large, max-video-preview:-1\" \/>\n<link rel=\"canonical\" href=\"https:\/\/laurbanahairsalon13.es\/index.php\/2020\/05\/25\/juntos-podemos-lograrlo\/\" \/>\n<meta property=\"og:locale\" content=\"es_ES\" \/>\n<meta property=\"og:type\" content=\"article\" \/>\n<meta property=\"og:title\" content=\"JUNTOS PODEMOS LOGRARLO &#8902; La Urbana Hair Salon 13 Peluqueria Unisex Vigo\" \/>\n<meta property=\"og:description\" content=\"Un Sal\u00f3n de peluquer\u00eda Unisex en Vigo con un espacio innovador, dedicado a la belleza y cuidado del cabello, donde lo m\u00e1s importante es tu imagen. La Urbana Hair Salon 13 para cortes y peinados, color, alisados, mechas y reflejos a tu cabello. BLOG\" \/>\n<meta property=\"og:url\" content=\"https:\/\/laurbanahairsalon13.es\/index.php\/2020\/05\/25\/juntos-podemos-lograrlo\/\" \/>\n<meta property=\"article:publisher\" content=\"https:\/\/www.facebook.com\/LaUrbana.hairsalon13\/\" \/>\n<meta property=\"article:published_time\" content=\"2020-05-25T19:21:55+00:00\" \/>\n<meta property=\"article:modified_time\" content=\"2020-05-25T19:25:28+00:00\" \/>\n<meta property=\"og:image\" content=\"https:\/\/laurbanahairsalon13.es\/wp-content\/uploads\/2020\/05\/IMG_0328-e1590434623117.jpeg\" \/>\n\t<meta property=\"og:image:width\" content=\"600\" \/>\n\t<meta property=\"og:image:height\" content=\"600\" \/>\n\t<meta property=\"og:image:type\" content=\"image\/jpeg\" \/>\n<meta name=\"twitter:card\" content=\"summary_large_image\" \/>\n<meta name=\"twitter:creator\" content=\"@Laurbanahair\" \/>\n<meta name=\"twitter:site\" content=\"@Laurbanahair\" \/>\n<meta name=\"twitter:label1\" content=\"Escrito por\" \/>\n\t<meta name=\"twitter:data1\" content=\"admin\" \/>\n\t<meta name=\"twitter:label2\" content=\"Tiempo de lectura\" \/>\n\t<meta name=\"twitter:data2\" content=\"4 minutos\" \/>\n<script type=\"application\/ld+json\" class=\"yoast-schema-graph\">{\"@context\":\"https:\/\/schema.org\",\"@graph\":[{\"@type\":\"Organization\",\"@id\":\"https:\/\/laurbanahairsalon13.es\/#organization\",\"name\":\"La Urbana Hair Salon 13\",\"url\":\"https:\/\/laurbanahairsalon13.es\/\",\"sameAs\":[\"https:\/\/www.facebook.com\/LaUrbana.hairsalon13\/\",\"https:\/\/www.instagram.com\/laurbana.hairsalon13\/?hl=es\",\"https:\/\/twitter.com\/Laurbanahair\"],\"logo\":{\"@type\":\"ImageObject\",\"@id\":\"https:\/\/laurbanahairsalon13.es\/#logo\",\"inLanguage\":\"es\",\"url\":\"https:\/\/laurbanahairsalon13.es\/wp-content\/uploads\/2020\/03\/logo-1.jpg\",\"contentUrl\":\"https:\/\/laurbanahairsalon13.es\/wp-content\/uploads\/2020\/03\/logo-1.jpg\",\"width\":446,\"height\":196,\"caption\":\"La Urbana Hair Salon 13\"},\"image\":{\"@id\":\"https:\/\/laurbanahairsalon13.es\/#logo\"}},{\"@type\":\"WebSite\",\"@id\":\"https:\/\/laurbanahairsalon13.es\/#website\",\"url\":\"https:\/\/laurbanahairsalon13.es\/\",\"name\":\"La Urbana Hair Salon 13 - Salon de Peluquer\u00eda Unisex Vigo\",\"description\":\"CITA PREVIA\",\"publisher\":{\"@id\":\"https:\/\/laurbanahairsalon13.es\/#organization\"},\"potentialAction\":[{\"@type\":\"SearchAction\",\"target\":{\"@type\":\"EntryPoint\",\"urlTemplate\":\"https:\/\/laurbanahairsalon13.es\/?s={search_term_string}\"},\"query-input\":\"required name=search_term_string\"}],\"inLanguage\":\"es\"},{\"@type\":\"ImageObject\",\"@id\":\"https:\/\/laurbanahairsalon13.es\/index.php\/2020\/05\/25\/juntos-podemos-lograrlo\/#primaryimage\",\"inLanguage\":\"es\",\"url\":\"https:\/\/laurbanahairsalon13.es\/wp-content\/uploads\/2020\/05\/IMG_0328-e1590434623117.jpeg\",\"contentUrl\":\"https:\/\/laurbanahairsalon13.es\/wp-content\/uploads\/2020\/05\/IMG_0328-e1590434623117.jpeg\",\"width\":600,\"height\":600},{\"@type\":\"WebPage\",\"@id\":\"https:\/\/laurbanahairsalon13.es\/index.php\/2020\/05\/25\/juntos-podemos-lograrlo\/#webpage\",\"url\":\"https:\/\/laurbanahairsalon13.es\/index.php\/2020\/05\/25\/juntos-podemos-lograrlo\/\",\"name\":\"JUNTOS PODEMOS LOGRARLO &#8902; La Urbana Hair Salon 13 Peluqueria Unisex Vigo\",\"isPartOf\":{\"@id\":\"https:\/\/laurbanahairsalon13.es\/#website\"},\"primaryImageOfPage\":{\"@id\":\"https:\/\/laurbanahairsalon13.es\/index.php\/2020\/05\/25\/juntos-podemos-lograrlo\/#primaryimage\"},\"datePublished\":\"2020-05-25T19:21:55+00:00\",\"dateModified\":\"2020-05-25T19:25:28+00:00\",\"description\":\"Un Sal\u00f3n de peluquer\u00eda Unisex en Vigo con un espacio innovador, dedicado a la belleza y cuidado del cabello, donde lo m\u00e1s importante es tu imagen. La Urbana Hair Salon 13 para cortes y peinados, color, alisados, mechas y reflejos a tu cabello. BLOG\",\"breadcrumb\":{\"@id\":\"https:\/\/laurbanahairsalon13.es\/index.php\/2020\/05\/25\/juntos-podemos-lograrlo\/#breadcrumb\"},\"inLanguage\":\"es\",\"potentialAction\":[{\"@type\":\"ReadAction\",\"target\":[\"https:\/\/laurbanahairsalon13.es\/index.php\/2020\/05\/25\/juntos-podemos-lograrlo\/\"]}]},{\"@type\":\"BreadcrumbList\",\"@id\":\"https:\/\/laurbanahairsalon13.es\/index.php\/2020\/05\/25\/juntos-podemos-lograrlo\/#breadcrumb\",\"itemListElement\":[{\"@type\":\"ListItem\",\"position\":1,\"name\":\"Portada\",\"item\":\"https:\/\/laurbanahairsalon13.es\/\"},{\"@type\":\"ListItem\",\"position\":2,\"name\":\"JUNTOS PODEMOS LOGRARLO\"}]},{\"@type\":\"Article\",\"@id\":\"https:\/\/laurbanahairsalon13.es\/index.php\/2020\/05\/25\/juntos-podemos-lograrlo\/#article\",\"isPartOf\":{\"@id\":\"https:\/\/laurbanahairsalon13.es\/index.php\/2020\/05\/25\/juntos-podemos-lograrlo\/#webpage\"},\"author\":{\"@id\":\"https:\/\/laurbanahairsalon13.es\/#\/schema\/person\/49d09722fdd0e3f1df04d4fc637b4e56\"},\"headline\":\"JUNTOS PODEMOS LOGRARLO\",\"datePublished\":\"2020-05-25T19:21:55+00:00\",\"dateModified\":\"2020-05-25T19:25:28+00:00\",\"mainEntityOfPage\":{\"@id\":\"https:\/\/laurbanahairsalon13.es\/index.php\/2020\/05\/25\/juntos-podemos-lograrlo\/#webpage\"},\"wordCount\":780,\"publisher\":{\"@id\":\"https:\/\/laurbanahairsalon13.es\/#organization\"},\"image\":{\"@id\":\"https:\/\/laurbanahairsalon13.es\/index.php\/2020\/05\/25\/juntos-podemos-lograrlo\/#primaryimage\"},\"thumbnailUrl\":\"https:\/\/laurbanahairsalon13.es\/wp-content\/uploads\/2020\/05\/IMG_0328-e1590434623117.jpeg\",\"articleSection\":[\"BLOG\"],\"inLanguage\":\"es\"},{\"@type\":\"Person\",\"@id\":\"https:\/\/laurbanahairsalon13.es\/#\/schema\/person\/49d09722fdd0e3f1df04d4fc637b4e56\",\"name\":\"admin\",\"image\":{\"@type\":\"ImageObject\",\"@id\":\"https:\/\/laurbanahairsalon13.es\/#personlogo\",\"inLanguage\":\"es\",\"url\":\"https:\/\/secure.gravatar.com\/avatar\/60d54173a1fbd7ded74e1791546b8593?s=96&d=mm&r=g\",\"contentUrl\":\"https:\/\/secure.gravatar.com\/avatar\/60d54173a1fbd7ded74e1791546b8593?s=96&d=mm&r=g\",\"caption\":\"admin\"}}]}<\/script>\n<!-- \/ Yoast SEO plugin. -->","yoast_head_json":{"title":"JUNTOS PODEMOS LOGRARLO &#8902; La Urbana Hair Salon 13 Peluqueria Unisex Vigo","description":"Un Sal\u00f3n de peluquer\u00eda Unisex en Vigo con un espacio innovador, dedicado a la belleza y cuidado del cabello, donde lo m\u00e1s importante es tu imagen. La Urbana Hair Salon 13 para cortes y peinados, color, alisados, mechas y reflejos a tu cabello. BLOG","robots":{"index":"index","follow":"follow","max-snippet":"max-snippet:-1","max-image-preview":"max-image-preview:large","max-video-preview":"max-video-preview:-1"},"canonical":"https:\/\/laurbanahairsalon13.es\/index.php\/2020\/05\/25\/juntos-podemos-lograrlo\/","og_locale":"es_ES","og_type":"article","og_title":"JUNTOS PODEMOS LOGRARLO &#8902; La Urbana Hair Salon 13 Peluqueria Unisex Vigo","og_description":"Un Sal\u00f3n de peluquer\u00eda Unisex en Vigo con un espacio innovador, dedicado a la belleza y cuidado del cabello, donde lo m\u00e1s importante es tu imagen. La Urbana Hair Salon 13 para cortes y peinados, color, alisados, mechas y reflejos a tu cabello. BLOG","og_url":"https:\/\/laurbanahairsalon13.es\/index.php\/2020\/05\/25\/juntos-podemos-lograrlo\/","article_publisher":"https:\/\/www.facebook.com\/LaUrbana.hairsalon13\/","article_published_time":"2020-05-25T19:21:55+00:00","article_modified_time":"2020-05-25T19:25:28+00:00","og_image":[{"width":600,"height":600,"url":"https:\/\/laurbanahairsalon13.es\/wp-content\/uploads\/2020\/05\/IMG_0328-e1590434623117.jpeg","type":"image\/jpeg"}],"twitter_card":"summary_large_image","twitter_creator":"@Laurbanahair","twitter_site":"@Laurbanahair","twitter_misc":{"Escrito por":"admin","Tiempo de lectura":"4 minutos"},"schema":{"@context":"https:\/\/schema.org","@graph":[{"@type":"Organization","@id":"https:\/\/laurbanahairsalon13.es\/#organization","name":"La Urbana Hair Salon 13","url":"https:\/\/laurbanahairsalon13.es\/","sameAs":["https:\/\/www.facebook.com\/LaUrbana.hairsalon13\/","https:\/\/www.instagram.com\/laurbana.hairsalon13\/?hl=es","https:\/\/twitter.com\/Laurbanahair"],"logo":{"@type":"ImageObject","@id":"https:\/\/laurbanahairsalon13.es\/#logo","inLanguage":"es","url":"https:\/\/laurbanahairsalon13.es\/wp-content\/uploads\/2020\/03\/logo-1.jpg","contentUrl":"https:\/\/laurbanahairsalon13.es\/wp-content\/uploads\/2020\/03\/logo-1.jpg","width":446,"height":196,"caption":"La Urbana Hair Salon 13"},"image":{"@id":"https:\/\/laurbanahairsalon13.es\/#logo"}},{"@type":"WebSite","@id":"https:\/\/laurbanahairsalon13.es\/#website","url":"https:\/\/laurbanahairsalon13.es\/","name":"La Urbana Hair Salon 13 - Salon de Peluquer\u00eda Unisex Vigo","description":"CITA PREVIA","publisher":{"@id":"https:\/\/laurbanahairsalon13.es\/#organization"},"potentialAction":[{"@type":"SearchAction","target":{"@type":"EntryPoint","urlTemplate":"https:\/\/laurbanahairsalon13.es\/?s={search_term_string}"},"query-input":"required name=search_term_string"}],"inLanguage":"es"},{"@type":"ImageObject","@id":"https:\/\/laurbanahairsalon13.es\/index.php\/2020\/05\/25\/juntos-podemos-lograrlo\/#primaryimage","inLanguage":"es","url":"https:\/\/laurbanahairsalon13.es\/wp-content\/uploads\/2020\/05\/IMG_0328-e1590434623117.jpeg","contentUrl":"https:\/\/laurbanahairsalon13.es\/wp-content\/uploads\/2020\/05\/IMG_0328-e1590434623117.jpeg","width":600,"height":600},{"@type":"WebPage","@id":"https:\/\/laurbanahairsalon13.es\/index.php\/2020\/05\/25\/juntos-podemos-lograrlo\/#webpage","url":"https:\/\/laurbanahairsalon13.es\/index.php\/2020\/05\/25\/juntos-podemos-lograrlo\/","name":"JUNTOS PODEMOS LOGRARLO &#8902; La Urbana Hair Salon 13 Peluqueria Unisex Vigo","isPartOf":{"@id":"https:\/\/laurbanahairsalon13.es\/#website"},"primaryImageOfPage":{"@id":"https:\/\/laurbanahairsalon13.es\/index.php\/2020\/05\/25\/juntos-podemos-lograrlo\/#primaryimage"},"datePublished":"2020-05-25T19:21:55+00:00","dateModified":"2020-05-25T19:25:28+00:00","description":"Un Sal\u00f3n de peluquer\u00eda Unisex en Vigo con un espacio innovador, dedicado a la belleza y cuidado del cabello, donde lo m\u00e1s importante es tu imagen. La Urbana Hair Salon 13 para cortes y peinados, color, alisados, mechas y reflejos a tu cabello. BLOG","breadcrumb":{"@id":"https:\/\/laurbanahairsalon13.es\/index.php\/2020\/05\/25\/juntos-podemos-lograrlo\/#breadcrumb"},"inLanguage":"es","potentialAction":[{"@type":"ReadAction","target":["https:\/\/laurbanahairsalon13.es\/index.php\/2020\/05\/25\/juntos-podemos-lograrlo\/"]}]},{"@type":"BreadcrumbList","@id":"https:\/\/laurbanahairsalon13.es\/index.php\/2020\/05\/25\/juntos-podemos-lograrlo\/#breadcrumb","itemListElement":[{"@type":"ListItem","position":1,"name":"Portada","item":"https:\/\/laurbanahairsalon13.es\/"},{"@type":"ListItem","position":2,"name":"JUNTOS PODEMOS LOGRARLO"}]},{"@type":"Article","@id":"https:\/\/laurbanahairsalon13.es\/index.php\/2020\/05\/25\/juntos-podemos-lograrlo\/#article","isPartOf":{"@id":"https:\/\/laurbanahairsalon13.es\/index.php\/2020\/05\/25\/juntos-podemos-lograrlo\/#webpage"},"author":{"@id":"https:\/\/laurbanahairsalon13.es\/#\/schema\/person\/49d09722fdd0e3f1df04d4fc637b4e56"},"headline":"JUNTOS PODEMOS LOGRARLO","datePublished":"2020-05-25T19:21:55+00:00","dateModified":"2020-05-25T19:25:28+00:00","mainEntityOfPage":{"@id":"https:\/\/laurbanahairsalon13.es\/index.php\/2020\/05\/25\/juntos-podemos-lograrlo\/#webpage"},"wordCount":780,"publisher":{"@id":"https:\/\/laurbanahairsalon13.es\/#organization"},"image":{"@id":"https:\/\/laurbanahairsalon13.es\/index.php\/2020\/05\/25\/juntos-podemos-lograrlo\/#primaryimage"},"thumbnailUrl":"https:\/\/laurbanahairsalon13.es\/wp-content\/uploads\/2020\/05\/IMG_0328-e1590434623117.jpeg","articleSection":["BLOG"],"inLanguage":"es"},{"@type":"Person","@id":"https:\/\/laurbanahairsalon13.es\/#\/schema\/person\/49d09722fdd0e3f1df04d4fc637b4e56","name":"admin","image":{"@type":"ImageObject","@id":"https:\/\/laurbanahairsalon13.es\/#personlogo","inLanguage":"es","url":"https:\/\/secure.gravatar.com\/avatar\/60d54173a1fbd7ded74e1791546b8593?s=96&d=mm&r=g","contentUrl":"https:\/\/secure.gravatar.com\/avatar\/60d54173a1fbd7ded74e1791546b8593?s=96&d=mm&r=g","caption":"admin"}}]}},"_links":{"self":[{"href":"https:\/\/laurbanahairsalon13.es\/index.php\/wp-json\/wp\/v2\/posts\/1515"}],"collection":[{"href":"https:\/\/laurbanahairsalon13.es\/index.php\/wp-json\/wp\/v2\/posts"}],"about":[{"href":"https:\/\/laurbanahairsalon13.es\/index.php\/wp-json\/wp\/v2\/types\/post"}],"author":[{"embeddable":true,"href":"https:\/\/laurbanahairsalon13.es\/index.php\/wp-json\/wp\/v2\/users\/1"}],"replies":[{"embeddable":true,"href":"https:\/\/laurbanahairsalon13.es\/index.php\/wp-json\/wp\/v2\/comments?post=1515"}],"version-history":[{"count":1,"href":"https:\/\/laurbanahairsalon13.es\/index.php\/wp-json\/wp\/v2\/posts\/1515\/revisions"}],"predecessor-version":[{"id":1523,"href":"https:\/\/laurbanahairsalon13.es\/index.php\/wp-json\/wp\/v2\/posts\/1515\/revisions\/1523"}],"wp:featuredmedia":[{"embeddable":true,"href":"https:\/\/laurbanahairsalon13.es\/index.php\/wp-json\/wp\/v2\/media\/1516"}],"wp:attachment":[{"href":"https:\/\/laurbanahairsalon13.es\/index.php\/wp-json\/wp\/v2\/media?parent=1515"}],"wp:term":[{"taxonomy":"category","embeddable":true,"href":"https:\/\/laurbanahairsalon13.es\/index.php\/wp-json\/wp\/v2\/categories?post=1515"},{"taxonomy":"post_tag","embeddable":true,"href":"https:\/\/laurbanahairsalon13.es\/index.php\/wp-json\/wp\/v2\/tags?post=1515"}],"curies":[{"name":"wp","href":"https:\/\/api.w.org\/{rel}","templated":true}]}}